{"id":399,"date":"2017-01-03T00:57:14","date_gmt":"2017-01-03T02:57:14","guid":{"rendered":"http:\/\/www.guiadovinho.com.br\/?p=399"},"modified":"2024-07-03T11:44:08","modified_gmt":"2024-07-03T14:44:08","slug":"herdade-do-esporao","status":"publish","type":"post","link":"https:\/\/guiadovinho.com.br\/?p=399","title":{"rendered":"Herdade do Espor\u00e3o"},"content":{"rendered":"<div id=\"attachment_400\" style=\"width: 310px\" class=\"wp-caption alignright\"><img loading=\"lazy\" decoding=\"async\" aria-describedby=\"caption-attachment-400\" class=\"wp-image-400 size-full\" src=\"https:\/\/guiadovinho.com.br\/wp-content\/uploads\/2017\/01\/tunel-das-barricas-300x200-1.jpg\" alt=\"Foto &quot;T\u00fanel das Barricas&quot; do site www.esporao.com\" width=\"300\" height=\"200\" \/><p id=\"caption-attachment-400\" class=\"wp-caption-text\">Foto: T\u00fanel das Barricas<\/p><\/div>\n<p>A <strong>Herdade do Espor\u00e3o<\/strong>, situada em <a href=\"http:\/\/pt.wikipedia.org\/wiki\/Reguengos_de_Monsaraz\" target=\"_blank\" rel=\"noopener noreferrer\"><em>Roguengos de Monsaraz<\/em><\/a>, tem uma import\u00e2ncia hist\u00f3rica na regi\u00e3o. As suas raizes remontam aos tempos pr\u00e9-hist\u00f3ricos das culturas megal\u00edticas e da Idade do Bronze.<br \/>\nDurante a ocupa\u00e7\u00e3o romana os vinhos do povoamento do Espor\u00e3o eram exportados para todo o Imp\u00e9rio. Os limites da Herdade foram estabelecidos em 1267 e mantidos praticamente inalterados, desde a sua constitui\u00e7\u00e3o.<\/p>\n<p><!--more--><\/p>\n<p>No cora\u00e7\u00e3o desta herdade, encontra-se a <em>Cerca do Espor\u00e3o<\/em>, da qual fazem parte a <em>Torre do Espor\u00e3o<\/em>, a <em>Ermida de Nossa Senhora dos Rem\u00e9dios<\/em> e uma curiosa porta fortificada com uma escada em caracol de acesso ao terra\u00e7o defensivo.<\/p>\n<p>A <strong><em>Torre do Espor\u00e3o<\/em><\/strong>, constru\u00edda entre 1457 e 1490, \u00e9 uma das mais importantes edifica\u00e7\u00f5es militares constru\u00eddas na passagem da <em>Idade M\u00e9dia<\/em> para a <em>Idade Moderna<\/em>. A fun\u00e7\u00e3o primeira deste tipo de torre era a de habita\u00e7\u00e3o, mas nos finais do s\u00e9culo XV as torres que existiam em Portugal dificilmente serviriam de morada permanente, uma vez que as suas dimens\u00f5es eram muito reduzidas. Este tipo de constru\u00e7\u00e3o tamb\u00e9m serviu de ostenta\u00e7\u00e3o na sociedade, ou seja, era um sinal de poder e influ\u00eancia de uma fam\u00edlia.<\/p>\n<div id=\"attachment_401\" style=\"width: 1290px\" class=\"wp-caption aligncenter\"><img loading=\"lazy\" decoding=\"async\" aria-describedby=\"caption-attachment-401\" class=\"wp-image-401 size-full\" src=\"https:\/\/guiadovinho.com.br\/wp-content\/uploads\/2017\/01\/torre_do_esporao_portugal.jpg\" alt=\"Foto: Torre do Espor\u00e3o\" width=\"1280\" height=\"960\" srcset=\"https:\/\/guiadovinho.com.br\/wp-content\/uploads\/2017\/01\/torre_do_esporao_portugal.jpg 1280w, https:\/\/guiadovinho.com.br\/wp-content\/uploads\/2017\/01\/torre_do_esporao_portugal-300x225.jpg 300w, https:\/\/guiadovinho.com.br\/wp-content\/uploads\/2017\/01\/torre_do_esporao_portugal-1024x768.jpg 1024w, https:\/\/guiadovinho.com.br\/wp-content\/uploads\/2017\/01\/torre_do_esporao_portugal-768x576.jpg 768w, https:\/\/guiadovinho.com.br\/wp-content\/uploads\/2017\/01\/torre_do_esporao_portugal-900x675.jpg 900w\" sizes=\"auto, (max-width: 1280px) 100vw, 1280px\" \/><p id=\"caption-attachment-401\" class=\"wp-caption-text\">Foto: Torre do Espor\u00e3o<\/p><\/div>\n<p>Hoje, a <em>Torre do Espor\u00e3o<\/em>, \u00e9 o edif\u00edcio mais importante e representativo de todo o conjunto que comp\u00f5e a <strong><em>Herdade do Espor\u00e3o<\/em><\/strong>. No andar t\u00e9rreo pode-se visitar o Museu Arqueol\u00f3gico, onde est\u00e3o expostos diversos achados do Espor\u00e3o e pe\u00e7as do <em>Povoado dos Perdig\u00f5es<\/em>. No primeiro andar encontra-se uma sala de estar, e no segundo piso um audit\u00f3rio e uma galeria, onde podem observar os trabalhos originais dos pintores que criaram os r\u00f3tulos do vinho Espor\u00e3o. Ainda existe um miradouro no \u00faltimo andar, de onde \u00e9 poss\u00edvel avistar quase que a totalidade da propriedade.<\/p>\n<h2>Produ\u00e7\u00e3o<\/h2>\n<p>A <strong>Herdade do Espor\u00e3o<\/strong> possui 600ha de vinhedos. O primeiro vinho foi engarrafado em 1985 e em 1997 iniciou a produ\u00e7\u00e3o de azeites virgens e extra virgens; recentemente foi plantado mais 82ha de Olival.<\/p>\n<p>Os vinhos do Espor\u00e3o s\u00e3o feitos com uvas provenientes de 03 origens:<\/p>\n<ul>\n<li><strong>Herdade do Espor\u00e3o<\/strong> &#8211; 450ha de vinhas;<\/li>\n<li><strong>Herdade dos Perdig\u00f5es<\/strong> &#8211; 155ha de vinhas;<\/li>\n<li><strong>Terceiros<\/strong> &#8211; parcerias com alguns viticultores de onde obt\u00e9m cerca de 15% do seu volume.<\/li>\n<\/ul>\n<p>Atualmente a <strong>Herdade do Espor\u00e3o<\/strong> comercializa as seguintes marcas de vinho: Espor\u00e3o, Vinha da Defesa, Monte Velho e Alandra.<br \/>\nProduz ainda os seguintes produtos sob a marca Herdade do Espor\u00e3o: Quatro Castas (Tinto), Duas Castas (Branco), Monocasta (Alicante Bouschet, Aragon\u00eas e Touriga Nacional &#8211; e um branco, o Verdelho), Espumante, Licoroso, Late Harvest e \u00a0Ex libris, Torre do Espor\u00e3o, apenas engarrafado em anos excepcionais. S\u00e3o ainda comercializados os azeites e vinagres Herdade do Espor\u00e3o.<\/p>\n<p>Em 2009 foram engarrafas 10 milh\u00f5es de litros, o que corresponde a 12,5 milh\u00f5es de garrafas de 750ml, 1,7 milh\u00f5es de garrafas de 375ml e 100 mil garrafas de 1,5 litro. Desse total, 76% tinto, 23% branco, 1% ros\u00e9. O faturamento anual \u00e9 de 35,5 milh\u00f5es de euros.<\/p>\n<h6>Vinhos degustados pela confraria nesse encontro:<\/h6>\n<ul>\n<li><strong>Herdade do Espor\u00e3o Reserva Branco\u00a0&#8211; Safra 2013<\/strong><br \/>\nUvas: Ant\u00e3o Vaz, Arinto, Roupeiro, Semillon.<br \/>\nPre\u00e7o de refer\u00eancia: R$ 104,00<\/li>\n<li><strong>Herdade do Espor\u00e3o Reserva Tinto &#8211; Safra 2008<\/strong><br \/>\nUvas: Aragon\u00eas, Trincadeira, Cabernet Sauvignon, Alicante Bouschet.<br \/>\nPre\u00e7o de refer\u00eancia: R$ 135,00<\/li>\n<li><strong>Herdade do Espor\u00e3o Reserva Tinto &#8211; Safra 2009<\/strong><br \/>\nUvas: Aragon\u00eas, Trincadeira, Cabernet Sauvignon, Alicante Bouschet.<br \/>\nPre\u00e7o de refer\u00eancia: R$ 135,00<\/li>\n<li><strong>Herdade do Espor\u00e3o Private Selection Tinto (ex Garrafeira) &#8211; Safra 2008<\/strong><br \/>\nUvas: Alicante Bouschet, Aragon\u00eas, Syrah.<br \/>\nPre\u00e7o de refer\u00eancia: R$ 330,00<\/li>\n<\/ul>\n<p><em>Degusta\u00e7\u00e3o Confraria dos Prazeres de 01 de setembro de 2014.<br \/>\n<\/em><em>______<br \/>\nTexto de Andr\u00e9 Monteiro.<\/em><br \/>\n<em>Editado e publicado por: Maicon F. Santos<\/em><\/p>\n","protected":false},"excerpt":{"rendered":"<p>A Herdade do Espor\u00e3o, situada em Roguengos de Monsaraz, tem uma import\u00e2ncia hist\u00f3rica na regi\u00e3o. As suas raizes remontam aos tempos pr\u00e9-hist\u00f3ricos das culturas megal\u00edticas e da Idade do Bronze. Durante a ocupa\u00e7\u00e3o romana os vinhos do povoamento do Espor\u00e3o eram exportados para todo o Imp\u00e9rio. Os limites da Herdade foram estabelecidos em 1267 e [&hellip;]<\/p>\n","protected":false},"author":1,"featured_media":0,"comment_status":"open","ping_status":"open","sticky":false,"template":"","format":"standard","meta":{"footnotes":""},"categories":[8],"tags":[21,22,27,57,58,85,103,106,148,149,166,175],"class_list":["post-399","post","type-post","status-publish","format-standard","hentry","category-vinhos","tag-alandra","tag-alicante-bouschet","tag-aragones","tag-duas-castas","tag-esporao","tag-monte-velho","tag-private-selection","tag-quatro-castas","tag-vinha-da-defesa","tag-vinho-garrafeira","tag-vinhos-de-portugal","tag-vinhos-portugueses"],"yoast_head":"<!-- This site is optimized with the Yoast SEO plugin v26.9 - https:\/\/yoast.com\/product\/yoast-seo-wordpress\/ -->\n<title>Herdade do Espor\u00e3o - Guia do Vinho<\/title>\n<meta name=\"robots\" content=\"index, follow, max-snippet:-1, max-image-preview:large, max-video-preview:-1\" \/>\n<link rel=\"canonical\" href=\"https:\/\/guiadovinho.com.br\/?p=399\" \/>\n<meta property=\"og:locale\" content=\"pt_BR\" \/>\n<meta property=\"og:type\" content=\"article\" \/>\n<meta property=\"og:title\" content=\"Herdade do Espor\u00e3o - Guia do Vinho\" \/>\n<meta property=\"og:description\" content=\"A Herdade do Espor\u00e3o, situada em Roguengos de Monsaraz, tem uma import\u00e2ncia hist\u00f3rica na regi\u00e3o. As suas raizes remontam aos tempos pr\u00e9-hist\u00f3ricos das culturas megal\u00edticas e da Idade do Bronze. Durante a ocupa\u00e7\u00e3o romana os vinhos do povoamento do Espor\u00e3o eram exportados para todo o Imp\u00e9rio. Os limites da Herdade foram estabelecidos em 1267 e [&hellip;]\" \/>\n<meta property=\"og:url\" content=\"https:\/\/guiadovinho.com.br\/?p=399\" \/>\n<meta property=\"og:site_name\" content=\"Guia do Vinho\" \/>\n<meta property=\"article:published_time\" content=\"2017-01-03T02:57:14+00:00\" \/>\n<meta property=\"article:modified_time\" content=\"2024-07-03T14:44:08+00:00\" \/>\n<meta property=\"og:image\" content=\"https:\/\/guiadovinho.com.br\/wp-content\/uploads\/2017\/01\/tunel-das-barricas-300x200-1.jpg\" \/>\n<meta name=\"author\" content=\"maicon\" \/>\n<meta name=\"twitter:card\" content=\"summary_large_image\" \/>\n<meta name=\"twitter:label1\" content=\"Escrito por\" \/>\n\t<meta name=\"twitter:data1\" content=\"maicon\" \/>\n\t<meta name=\"twitter:label2\" content=\"Est. tempo de leitura\" \/>\n\t<meta name=\"twitter:data2\" content=\"4 minutos\" \/>\n<script type=\"application\/ld+json\" class=\"yoast-schema-graph\">{\"@context\":\"https:\/\/schema.org\",\"@graph\":[{\"@type\":\"Article\",\"@id\":\"https:\/\/guiadovinho.com.br\/?p=399#article\",\"isPartOf\":{\"@id\":\"https:\/\/guiadovinho.com.br\/?p=399\"},\"author\":{\"name\":\"maicon\",\"@id\":\"https:\/\/guiadovinho.com.br\/#\/schema\/person\/735082fffd29cd1ffeb8ed8f478cd02b\"},\"headline\":\"Herdade do Espor\u00e3o\",\"datePublished\":\"2017-01-03T02:57:14+00:00\",\"dateModified\":\"2024-07-03T14:44:08+00:00\",\"mainEntityOfPage\":{\"@id\":\"https:\/\/guiadovinho.com.br\/?p=399\"},\"wordCount\":661,\"commentCount\":0,\"publisher\":{\"@id\":\"https:\/\/guiadovinho.com.br\/#organization\"},\"image\":{\"@id\":\"https:\/\/guiadovinho.com.br\/?p=399#primaryimage\"},\"thumbnailUrl\":\"https:\/\/guiadovinho.com.br\/wp-content\/uploads\/2017\/01\/tunel-das-barricas-300x200-1.jpg\",\"keywords\":[\"Alandra\",\"Alicante Bouschet\",\"Aragon\u00eas\",\"Duas Castas\",\"Espor\u00e3o\",\"Monte Velho\",\"Private Selection\",\"Quatro Castas\",\"Vinha da Defesa\",\"Vinho Garrafeira\",\"Vinhos de Portugal\",\"Vinhos Portugueses\"],\"articleSection\":[\"Vinhos\"],\"inLanguage\":\"pt-BR\",\"potentialAction\":[{\"@type\":\"CommentAction\",\"name\":\"Comment\",\"target\":[\"https:\/\/guiadovinho.com.br\/?p=399#respond\"]}]},{\"@type\":\"WebPage\",\"@id\":\"https:\/\/guiadovinho.com.br\/?p=399\",\"url\":\"https:\/\/guiadovinho.com.br\/?p=399\",\"name\":\"Herdade do Espor\u00e3o - Guia do Vinho\",\"isPartOf\":{\"@id\":\"https:\/\/guiadovinho.com.br\/#website\"},\"primaryImageOfPage\":{\"@id\":\"https:\/\/guiadovinho.com.br\/?p=399#primaryimage\"},\"image\":{\"@id\":\"https:\/\/guiadovinho.com.br\/?p=399#primaryimage\"},\"thumbnailUrl\":\"https:\/\/guiadovinho.com.br\/wp-content\/uploads\/2017\/01\/tunel-das-barricas-300x200-1.jpg\",\"datePublished\":\"2017-01-03T02:57:14+00:00\",\"dateModified\":\"2024-07-03T14:44:08+00:00\",\"breadcrumb\":{\"@id\":\"https:\/\/guiadovinho.com.br\/?p=399#breadcrumb\"},\"inLanguage\":\"pt-BR\",\"potentialAction\":[{\"@type\":\"ReadAction\",\"target\":[\"https:\/\/guiadovinho.com.br\/?p=399\"]}]},{\"@type\":\"ImageObject\",\"inLanguage\":\"pt-BR\",\"@id\":\"https:\/\/guiadovinho.com.br\/?p=399#primaryimage\",\"url\":\"https:\/\/guiadovinho.com.br\/wp-content\/uploads\/2017\/01\/tunel-das-barricas-300x200-1.jpg\",\"contentUrl\":\"https:\/\/guiadovinho.com.br\/wp-content\/uploads\/2017\/01\/tunel-das-barricas-300x200-1.jpg\",\"width\":300,\"height\":200,\"caption\":\"T\u00fanel das Barricas\"},{\"@type\":\"BreadcrumbList\",\"@id\":\"https:\/\/guiadovinho.com.br\/?p=399#breadcrumb\",\"itemListElement\":[{\"@type\":\"ListItem\",\"position\":1,\"name\":\"In\u00edcio\",\"item\":\"https:\/\/guiadovinho.com.br\/\"},{\"@type\":\"ListItem\",\"position\":2,\"name\":\"Herdade do Espor\u00e3o\"}]},{\"@type\":\"WebSite\",\"@id\":\"https:\/\/guiadovinho.com.br\/#website\",\"url\":\"https:\/\/guiadovinho.com.br\/\",\"name\":\"Guia do Vinho\",\"description\":\"O vinho e as coisas boas da vida\",\"publisher\":{\"@id\":\"https:\/\/guiadovinho.com.br\/#organization\"},\"potentialAction\":[{\"@type\":\"SearchAction\",\"target\":{\"@type\":\"EntryPoint\",\"urlTemplate\":\"https:\/\/guiadovinho.com.br\/?s={search_term_string}\"},\"query-input\":{\"@type\":\"PropertyValueSpecification\",\"valueRequired\":true,\"valueName\":\"search_term_string\"}}],\"inLanguage\":\"pt-BR\"},{\"@type\":\"Organization\",\"@id\":\"https:\/\/guiadovinho.com.br\/#organization\",\"name\":\"Guia do Vinho\",\"url\":\"https:\/\/guiadovinho.com.br\/\",\"logo\":{\"@type\":\"ImageObject\",\"inLanguage\":\"pt-BR\",\"@id\":\"https:\/\/guiadovinho.com.br\/#\/schema\/logo\/image\/\",\"url\":\"https:\/\/guiadovinho.com.br\/wp-content\/uploads\/2019\/12\/logo_guia_do_vinho.jpg\",\"contentUrl\":\"https:\/\/guiadovinho.com.br\/wp-content\/uploads\/2019\/12\/logo_guia_do_vinho.jpg\",\"width\":279,\"height\":68,\"caption\":\"Guia do Vinho\"},\"image\":{\"@id\":\"https:\/\/guiadovinho.com.br\/#\/schema\/logo\/image\/\"}},{\"@type\":\"Person\",\"@id\":\"https:\/\/guiadovinho.com.br\/#\/schema\/person\/735082fffd29cd1ffeb8ed8f478cd02b\",\"name\":\"maicon\",\"image\":{\"@type\":\"ImageObject\",\"inLanguage\":\"pt-BR\",\"@id\":\"https:\/\/guiadovinho.com.br\/#\/schema\/person\/image\/\",\"url\":\"https:\/\/secure.gravatar.com\/avatar\/0113397a4f5af232606ddfd64868b58e09e991ba489b30793fb9760634333aed?s=96&d=mm&r=g\",\"contentUrl\":\"https:\/\/secure.gravatar.com\/avatar\/0113397a4f5af232606ddfd64868b58e09e991ba489b30793fb9760634333aed?s=96&d=mm&r=g\",\"caption\":\"maicon\"},\"sameAs\":[\"http:\/\/45.84.138.201:8081\"],\"url\":\"https:\/\/guiadovinho.com.br\/?author=1\"}]}<\/script>\n<!-- \/ Yoast SEO plugin. -->","yoast_head_json":{"title":"Herdade do Espor\u00e3o - Guia do Vinho","robots":{"index":"index","follow":"follow","max-snippet":"max-snippet:-1","max-image-preview":"max-image-preview:large","max-video-preview":"max-video-preview:-1"},"canonical":"https:\/\/guiadovinho.com.br\/?p=399","og_locale":"pt_BR","og_type":"article","og_title":"Herdade do Espor\u00e3o - Guia do Vinho","og_description":"A Herdade do Espor\u00e3o, situada em Roguengos de Monsaraz, tem uma import\u00e2ncia hist\u00f3rica na regi\u00e3o. As suas raizes remontam aos tempos pr\u00e9-hist\u00f3ricos das culturas megal\u00edticas e da Idade do Bronze. Durante a ocupa\u00e7\u00e3o romana os vinhos do povoamento do Espor\u00e3o eram exportados para todo o Imp\u00e9rio. Os limites da Herdade foram estabelecidos em 1267 e [&hellip;]","og_url":"https:\/\/guiadovinho.com.br\/?p=399","og_site_name":"Guia do Vinho","article_published_time":"2017-01-03T02:57:14+00:00","article_modified_time":"2024-07-03T14:44:08+00:00","og_image":[{"url":"https:\/\/guiadovinho.com.br\/wp-content\/uploads\/2017\/01\/tunel-das-barricas-300x200-1.jpg","type":"","width":"","height":""}],"author":"maicon","twitter_card":"summary_large_image","twitter_misc":{"Escrito por":"maicon","Est. tempo de leitura":"4 minutos"},"schema":{"@context":"https:\/\/schema.org","@graph":[{"@type":"Article","@id":"https:\/\/guiadovinho.com.br\/?p=399#article","isPartOf":{"@id":"https:\/\/guiadovinho.com.br\/?p=399"},"author":{"name":"maicon","@id":"https:\/\/guiadovinho.com.br\/#\/schema\/person\/735082fffd29cd1ffeb8ed8f478cd02b"},"headline":"Herdade do Espor\u00e3o","datePublished":"2017-01-03T02:57:14+00:00","dateModified":"2024-07-03T14:44:08+00:00","mainEntityOfPage":{"@id":"https:\/\/guiadovinho.com.br\/?p=399"},"wordCount":661,"commentCount":0,"publisher":{"@id":"https:\/\/guiadovinho.com.br\/#organization"},"image":{"@id":"https:\/\/guiadovinho.com.br\/?p=399#primaryimage"},"thumbnailUrl":"https:\/\/guiadovinho.com.br\/wp-content\/uploads\/2017\/01\/tunel-das-barricas-300x200-1.jpg","keywords":["Alandra","Alicante Bouschet","Aragon\u00eas","Duas Castas","Espor\u00e3o","Monte Velho","Private Selection","Quatro Castas","Vinha da Defesa","Vinho Garrafeira","Vinhos de Portugal","Vinhos Portugueses"],"articleSection":["Vinhos"],"inLanguage":"pt-BR","potentialAction":[{"@type":"CommentAction","name":"Comment","target":["https:\/\/guiadovinho.com.br\/?p=399#respond"]}]},{"@type":"WebPage","@id":"https:\/\/guiadovinho.com.br\/?p=399","url":"https:\/\/guiadovinho.com.br\/?p=399","name":"Herdade do Espor\u00e3o - Guia do Vinho","isPartOf":{"@id":"https:\/\/guiadovinho.com.br\/#website"},"primaryImageOfPage":{"@id":"https:\/\/guiadovinho.com.br\/?p=399#primaryimage"},"image":{"@id":"https:\/\/guiadovinho.com.br\/?p=399#primaryimage"},"thumbnailUrl":"https:\/\/guiadovinho.com.br\/wp-content\/uploads\/2017\/01\/tunel-das-barricas-300x200-1.jpg","datePublished":"2017-01-03T02:57:14+00:00","dateModified":"2024-07-03T14:44:08+00:00","breadcrumb":{"@id":"https:\/\/guiadovinho.com.br\/?p=399#breadcrumb"},"inLanguage":"pt-BR","potentialAction":[{"@type":"ReadAction","target":["https:\/\/guiadovinho.com.br\/?p=399"]}]},{"@type":"ImageObject","inLanguage":"pt-BR","@id":"https:\/\/guiadovinho.com.br\/?p=399#primaryimage","url":"https:\/\/guiadovinho.com.br\/wp-content\/uploads\/2017\/01\/tunel-das-barricas-300x200-1.jpg","contentUrl":"https:\/\/guiadovinho.com.br\/wp-content\/uploads\/2017\/01\/tunel-das-barricas-300x200-1.jpg","width":300,"height":200,"caption":"T\u00fanel das Barricas"},{"@type":"BreadcrumbList","@id":"https:\/\/guiadovinho.com.br\/?p=399#breadcrumb","itemListElement":[{"@type":"ListItem","position":1,"name":"In\u00edcio","item":"https:\/\/guiadovinho.com.br\/"},{"@type":"ListItem","position":2,"name":"Herdade do Espor\u00e3o"}]},{"@type":"WebSite","@id":"https:\/\/guiadovinho.com.br\/#website","url":"https:\/\/guiadovinho.com.br\/","name":"Guia do Vinho","description":"O vinho e as coisas boas da vida","publisher":{"@id":"https:\/\/guiadovinho.com.br\/#organization"},"potentialAction":[{"@type":"SearchAction","target":{"@type":"EntryPoint","urlTemplate":"https:\/\/guiadovinho.com.br\/?s={search_term_string}"},"query-input":{"@type":"PropertyValueSpecification","valueRequired":true,"valueName":"search_term_string"}}],"inLanguage":"pt-BR"},{"@type":"Organization","@id":"https:\/\/guiadovinho.com.br\/#organization","name":"Guia do Vinho","url":"https:\/\/guiadovinho.com.br\/","logo":{"@type":"ImageObject","inLanguage":"pt-BR","@id":"https:\/\/guiadovinho.com.br\/#\/schema\/logo\/image\/","url":"https:\/\/guiadovinho.com.br\/wp-content\/uploads\/2019\/12\/logo_guia_do_vinho.jpg","contentUrl":"https:\/\/guiadovinho.com.br\/wp-content\/uploads\/2019\/12\/logo_guia_do_vinho.jpg","width":279,"height":68,"caption":"Guia do Vinho"},"image":{"@id":"https:\/\/guiadovinho.com.br\/#\/schema\/logo\/image\/"}},{"@type":"Person","@id":"https:\/\/guiadovinho.com.br\/#\/schema\/person\/735082fffd29cd1ffeb8ed8f478cd02b","name":"maicon","image":{"@type":"ImageObject","inLanguage":"pt-BR","@id":"https:\/\/guiadovinho.com.br\/#\/schema\/person\/image\/","url":"https:\/\/secure.gravatar.com\/avatar\/0113397a4f5af232606ddfd64868b58e09e991ba489b30793fb9760634333aed?s=96&d=mm&r=g","contentUrl":"https:\/\/secure.gravatar.com\/avatar\/0113397a4f5af232606ddfd64868b58e09e991ba489b30793fb9760634333aed?s=96&d=mm&r=g","caption":"maicon"},"sameAs":["http:\/\/45.84.138.201:8081"],"url":"https:\/\/guiadovinho.com.br\/?author=1"}]}},"_links":{"self":[{"href":"https:\/\/guiadovinho.com.br\/index.php?rest_route=\/wp\/v2\/posts\/399","targetHints":{"allow":["GET"]}}],"collection":[{"href":"https:\/\/guiadovinho.com.br\/index.php?rest_route=\/wp\/v2\/posts"}],"about":[{"href":"https:\/\/guiadovinho.com.br\/index.php?rest_route=\/wp\/v2\/types\/post"}],"author":[{"embeddable":true,"href":"https:\/\/guiadovinho.com.br\/index.php?rest_route=\/wp\/v2\/users\/1"}],"replies":[{"embeddable":true,"href":"https:\/\/guiadovinho.com.br\/index.php?rest_route=%2Fwp%2Fv2%2Fcomments&post=399"}],"version-history":[{"count":1,"href":"https:\/\/guiadovinho.com.br\/index.php?rest_route=\/wp\/v2\/posts\/399\/revisions"}],"predecessor-version":[{"id":774,"href":"https:\/\/guiadovinho.com.br\/index.php?rest_route=\/wp\/v2\/posts\/399\/revisions\/774"}],"wp:attachment":[{"href":"https:\/\/guiadovinho.com.br\/index.php?rest_route=%2Fwp%2Fv2%2Fmedia&parent=399"}],"wp:term":[{"taxonomy":"category","embeddable":true,"href":"https:\/\/guiadovinho.com.br\/index.php?rest_route=%2Fwp%2Fv2%2Fcategories&post=399"},{"taxonomy":"post_tag","embeddable":true,"href":"https:\/\/guiadovinho.com.br\/index.php?rest_route=%2Fwp%2Fv2%2Ftags&post=399"}],"curies":[{"name":"wp","href":"https:\/\/api.w.org\/{rel}","templated":true}]}}